{"tema_id":"657","string":"cooperaci\u00f3n en la gesti\u00f3n p\u00fablica","created":"2022-01-04 09:50:46","code":null}