{"tema_id":"651","string":"uso responsable de las Tecnolog\u00edas de la Informaci\u00f3n y la Comunicaci\u00f3n","created":"2022-01-04 09:44:09","code":null}