{"tema_id":"495","string":"declaraci\u00f3n de inter\u00e9s p\u00fablico nacional","created":"2021-12-14 10:24:57","code":null}