{"tema_id":"390","string":"extinci\u00f3n de la acci\u00f3n penal contra personas jur\u00eddicas","created":"2021-12-14 09:32:51","code":null}