{"tema_id":"364","string":"capacitaci\u00f3n para la funci\u00f3n p\u00fablica","created":"2021-12-13 12:25:34","code":null}