{"tema_id":"363","string":"paridad de g\u00e9nero en la representaci\u00f3n pol\u00edtica","created":"2021-12-13 12:25:00","code":null}