{"tema_id":"1558","string":"R\u00e9gimen de Reparaci\u00f3n Econ\u00f3mica para las ni\u00f1as, ni\u00f1os y adolescentes","created":"2023-08-02 09:57:18","code":null}