{"tema_id":"1372","string":"Plan Federal de Capacitaci\u00f3n Sobre Derechos de Ni\u00f1as, Ni\u00f1os y Adolescentes","created":"2023-05-04 09:24:10","code":null}