{"tema_id":"1269","string":"Convenci\u00f3n sobre la Protecci\u00f3n y Promoci\u00f3n de la Diversidad de las Expresiones Culturales","created":"2022-08-03 15:05:48","code":null}