{"tema_id":"1224","string":"declaraci\u00f3n de inter\u00e9s p\u00fablico provincial","created":"2022-07-20 16:25:40","code":null}