{"@context":{"dc":"http:\/\/purl.org\/dc\/elements\/1.1\/","skos":"http:\/\/www.w3.org\/2004\/02\/skos\/core#","skos:broader":{"@type":"@id"},"skos:inScheme":{"@type":"@id"},"skos:related":{"@type":"@id"},"skos:narrower":{"@type":"@id"},"skos:hasTopConcept":{"@type":"@id"},"skos:topConceptOf":{"@type":"@id"}},"@id":"http:\/\/vocabularios.saij.gob.ar\/lexico\/skos\/7071","@type":"skos:Concept","skos:prefLabel":{"@language":"es","@value=":"guerra de Malvinas"},"skos:inScheme":"http:\/\/vocabularios.saij.gob.ar\/lexico\/","dct:created":"2017-10-30 06:47:31","skos:narrower":["http:\/\/vocabularios.saij.gob.ar\/lexico\/skos\/7070","http:\/\/vocabularios.saij.gob.ar\/lexico\/skos\/15358","http:\/\/vocabularios.saij.gob.ar\/lexico\/skos\/15930"],"skos:broader":["http:\/\/vocabularios.saij.gob.ar\/lexico\/skos\/2436"],"skos:altLabel":[{"language":"es","value":"conflicto b\u00e9lico del Atl\u00e1ntico Sur"},{"language":"es","value":"conflicto del Atl\u00e1ntico Sur"}]}