{"@context":{"dc":"http:\/\/purl.org\/dc\/elements\/1.1\/","skos":"http:\/\/www.w3.org\/2004\/02\/skos\/core#","skos:broader":{"@type":"@id"},"skos:inScheme":{"@type":"@id"},"skos:related":{"@type":"@id"},"skos:narrower":{"@type":"@id"},"skos:hasTopConcept":{"@type":"@id"},"skos:topConceptOf":{"@type":"@id"}},"@id":"http:\/\/vocabularios.saij.gob.ar\/lexico\/skos\/5536","@type":"skos:Concept","skos:prefLabel":{"@language":"es","@value=":"destrucci\u00f3n, p\u00e9rdida, aver\u00eda y retraso de la carga"},"skos:inScheme":"http:\/\/vocabularios.saij.gob.ar\/lexico\/","dct:created":"2017-10-30 06:47:23","skos:narrower":["http:\/\/vocabularios.saij.gob.ar\/lexico\/skos\/11835","http:\/\/vocabularios.saij.gob.ar\/lexico\/skos\/11836"],"skos:broader":["http:\/\/vocabularios.saij.gob.ar\/lexico\/skos\/5529"],"skos:altLabel":[{"language":"es","value":"destrucci\u00f3n, p\u00e9rdida, aver\u00eda y retraso de la mercader\u00eda"}]}