{"@context":{"dc":"http:\/\/purl.org\/dc\/elements\/1.1\/","skos":"http:\/\/www.w3.org\/2004\/02\/skos\/core#","skos:broader":{"@type":"@id"},"skos:inScheme":{"@type":"@id"},"skos:related":{"@type":"@id"},"skos:narrower":{"@type":"@id"},"skos:hasTopConcept":{"@type":"@id"},"skos:topConceptOf":{"@type":"@id"}},"@id":"http:\/\/vocabularios.saij.gob.ar\/lexico\/skos\/5306","@type":"skos:Concept","skos:prefLabel":{"@language":"es","@value=":"campa\u00f1a electoral"},"skos:inScheme":"http:\/\/vocabularios.saij.gob.ar\/lexico\/","dct:created":"2017-10-30 06:47:22","skos:narrower":["http:\/\/vocabularios.saij.gob.ar\/lexico\/skos\/5309","http:\/\/vocabularios.saij.gob.ar\/lexico\/skos\/5310"],"skos:broader":["http:\/\/vocabularios.saij.gob.ar\/lexico\/skos\/2089"],"skos:altLabel":[{"language":"es","value":"campa\u00f1a pol\u00edtica"},{"language":"es","value":"proselitismo pol\u00edtico"}]}