{"@context":{"dc":"http:\/\/purl.org\/dc\/elements\/1.1\/","skos":"http:\/\/www.w3.org\/2004\/02\/skos\/core#","skos:broader":{"@type":"@id"},"skos:inScheme":{"@type":"@id"},"skos:related":{"@type":"@id"},"skos:narrower":{"@type":"@id"},"skos:hasTopConcept":{"@type":"@id"},"skos:topConceptOf":{"@type":"@id"}},"@id":"http:\/\/vocabularios.saij.gob.ar\/lexico\/skos\/4565","@type":"skos:Concept","skos:prefLabel":{"@language":"es","@value=":"p\u00e9rdida del beneficio"},"skos:inScheme":"http:\/\/vocabularios.saij.gob.ar\/lexico\/","dct:created":"2017-10-30 06:47:18","skos:broader":["http:\/\/vocabularios.saij.gob.ar\/lexico\/skos\/1527"],"skos:altLabel":[{"language":"es","value":"p\u00e9rdida de la jubilaci\u00f3n"},{"language":"es","value":"p\u00e9rdida de la pensi\u00f3n"},{"language":"es","value":"p\u00e9rdida del beneficio previsional"},{"language":"es","value":"revocaci\u00f3n del beneficio"}]}