{"@context":{"dc":"http:\/\/purl.org\/dc\/elements\/1.1\/","skos":"http:\/\/www.w3.org\/2004\/02\/skos\/core#","skos:broader":{"@type":"@id"},"skos:inScheme":{"@type":"@id"},"skos:related":{"@type":"@id"},"skos:narrower":{"@type":"@id"},"skos:hasTopConcept":{"@type":"@id"},"skos:topConceptOf":{"@type":"@id"}},"@id":"http:\/\/vocabularios.saij.gob.ar\/lexico\/skos\/2530","@type":"skos:Concept","skos:prefLabel":{"@language":"es","@value=":"personas privadas de la libertad"},"skos:inScheme":"http:\/\/vocabularios.saij.gob.ar\/lexico\/","dct:created":"2017-10-30 06:47:10","skos:narrower":["http:\/\/vocabularios.saij.gob.ar\/lexico\/skos\/2529","http:\/\/vocabularios.saij.gob.ar\/lexico\/skos\/20465"],"skos:broader":["http:\/\/vocabularios.saij.gob.ar\/lexico\/skos\/3714"],"skos:altLabel":[{"language":"es","value":"condenado"},{"language":"es","value":"internos"},{"language":"es","value":"penado"},{"language":"es","value":"personas en estado de c\u00e1rcel"},{"language":"es","value":"personas en situaci\u00f3n de c\u00e1rcel"}]}