{"@context":{"dc":"http:\/\/purl.org\/dc\/elements\/1.1\/","skos":"http:\/\/www.w3.org\/2004\/02\/skos\/core#","skos:broader":{"@type":"@id"},"skos:inScheme":{"@type":"@id"},"skos:related":{"@type":"@id"},"skos:narrower":{"@type":"@id"},"skos:hasTopConcept":{"@type":"@id"},"skos:topConceptOf":{"@type":"@id"}},"@id":"http:\/\/vocabularios.saij.gob.ar\/lexico\/skos\/21743","@type":"skos:Concept","skos:prefLabel":{"@language":"es","@value=":"reclusi\u00f3n accesoria por tiempo indeterminado"},"skos:inScheme":"http:\/\/vocabularios.saij.gob.ar\/lexico\/","dct:created":"2017-10-30 07:00:40","skos:broader":["http:\/\/vocabularios.saij.gob.ar\/lexico\/skos\/20171"],"skos:altLabel":[{"language":"es","value":"accesoria de reclusi\u00f3n por tiempo indeterminado"},{"language":"es","value":"accesoria del art\u00edculo 52"},{"language":"es","value":"pena accesoria del 52"},{"language":"es","value":"reclusi\u00f3n accesoria"},{"language":"es","value":"reclusi\u00f3n por tiempo indeterminado"}]}