{"@context":{"dc":"http:\/\/purl.org\/dc\/elements\/1.1\/","skos":"http:\/\/www.w3.org\/2004\/02\/skos\/core#","skos:broader":{"@type":"@id"},"skos:inScheme":{"@type":"@id"},"skos:related":{"@type":"@id"},"skos:narrower":{"@type":"@id"},"skos:hasTopConcept":{"@type":"@id"},"skos:topConceptOf":{"@type":"@id"}},"@id":"http:\/\/vocabularios.saij.gob.ar\/lexico\/skos\/21074","@type":"skos:Concept","skos:prefLabel":{"@language":"es","@value=":"pr\u00f3rroga de la prisi\u00f3n preventiva"},"skos:inScheme":"http:\/\/vocabularios.saij.gob.ar\/lexico\/","dct:created":"2017-10-30 06:59:55","skos:broader":["http:\/\/vocabularios.saij.gob.ar\/lexico\/skos\/2595"],"skos:altLabel":[{"language":"es","value":"detenci\u00f3n superior a dos a\u00f1os"},{"language":"es","value":"plazo m\u00e1ximo de la detenci\u00f3n"}]}