{"@context":{"dc":"http:\/\/purl.org\/dc\/elements\/1.1\/","skos":"http:\/\/www.w3.org\/2004\/02\/skos\/core#","skos:broader":{"@type":"@id"},"skos:inScheme":{"@type":"@id"},"skos:related":{"@type":"@id"},"skos:narrower":{"@type":"@id"},"skos:hasTopConcept":{"@type":"@id"},"skos:topConceptOf":{"@type":"@id"}},"@id":"http:\/\/vocabularios.saij.gob.ar\/lexico\/skos\/18234","@type":"skos:Concept","skos:prefLabel":{"@language":"es","@value=":"sublocaci\u00f3n"},"skos:inScheme":"http:\/\/vocabularios.saij.gob.ar\/lexico\/","dct:created":"2017-10-30 06:57:44","skos:narrower":["http:\/\/vocabularios.saij.gob.ar\/lexico\/skos\/21327","http:\/\/vocabularios.saij.gob.ar\/lexico\/skos\/23363"],"skos:broader":["http:\/\/vocabularios.saij.gob.ar\/lexico\/skos\/2551"],"skos:altLabel":[{"language":"es","value":"cesi\u00f3n de la locaci\u00f3n"},{"language":"es","value":"contrato de sublocaci\u00f3n"},{"language":"es","value":"subalquiler"}]}