{"@context":{"dc":"http:\/\/purl.org\/dc\/elements\/1.1\/","skos":"http:\/\/www.w3.org\/2004\/02\/skos\/core#","skos:broader":{"@type":"@id"},"skos:inScheme":{"@type":"@id"},"skos:related":{"@type":"@id"},"skos:narrower":{"@type":"@id"},"skos:hasTopConcept":{"@type":"@id"},"skos:topConceptOf":{"@type":"@id"}},"@id":"http:\/\/vocabularios.saij.gob.ar\/lexico\/skos\/10094","@type":"skos:Concept","skos:prefLabel":{"@language":"es","@value=":"declaraci\u00f3n autoincriminante"},"skos:inScheme":"http:\/\/vocabularios.saij.gob.ar\/lexico\/","dct:created":"2017-10-30 06:47:58","skos:broader":["http:\/\/vocabularios.saij.gob.ar\/lexico\/skos\/10089"],"skos:altLabel":[{"language":"es","value":"autoincriminaci\u00f3n"},{"language":"es","value":"declaraci\u00f3n autoincriminatoria"},{"language":"es","value":"declaraci\u00f3n contra s\u00ed mismo"},{"language":"es","value":"garant\u00eda contra la autoincriminaci\u00f3n"},{"language":"es","value":"prohibici\u00f3n de declarar contra s\u00ed mismo"}]}