{"tema_id":"8851","string":"contribuci\u00f3n por ocupaci\u00f3n o utilizaci\u00f3n del espacio p\u00fablico","created":"2017-10-30 06:47:46","code":null}