{"tema_id":"565","string":"extinci\u00f3n de la acci\u00f3n en el r\u00e9gimen de faltas","created":"2017-10-30 06:47:03","code":null}