{"tema_id":"564","string":"acci\u00f3n p\u00fablica en el r\u00e9gimen de faltas","created":"2017-10-30 06:47:03","code":null}