{"tema_id":"3819","string":"atenci\u00f3n al p\u00fablico en la administraci\u00f3n p\u00fablica","created":"2017-10-30 06:47:15","code":null}