{"tema_id":"27673","string":"SUBSECRETAR\u00cdA DE PROMOCI\u00d3N Y PROTECCI\u00d3N DE DERECHOS HUMANOS","created":"2017-10-30 09:35:43","code":null}