{"tema_id":"27668","string":"SUBSECRETAR\u00cdA DE POL\u00cdTICAS DE EMPLEO Y FORMACI\u00d3N PROFESIONAL","created":"2017-10-30 09:35:43","code":null}