{"tema_id":"27634","string":"SUBSECRETAR\u00cdA DE COORDINACI\u00d3N E INNOVACI\u00d3N","created":"2017-10-30 09:35:42","code":null}