{"tema_id":"27476","string":"Secretar\u00eda Legal y T\u00e9cnica de la Presidencia de la Naci\u00f3n","created":"2017-10-30 09:35:42","code":null}