{"tema_id":"27443","string":"SECRETAR\u00cdA DE PROGRAMACI\u00d3N ECON\u00d3MICA Y REGIONAL","created":"2017-10-30 09:35:42","code":null}