{"tema_id":"27354","string":"SECRETAR\u00cdA DE COORDINACI\u00d3N Y ADMINISTRACI\u00d3N DE SALUD Y ACCI\u00d3N SOCIAL","created":"2017-10-30 09:35:42","code":null}