{"tema_id":"27353","string":"SECRETAR\u00cdA DE COORDINACI\u00d3N T\u00c9CNICO ADMINISTRATIVA","created":"2017-10-30 09:35:42","code":null}