{"tema_id":"27350","string":"SECRETAR\u00cdA DE COORDINACI\u00d3N ECON\u00d3MICA Y ADMINISTRATIVA","created":"2017-10-30 09:35:42","code":null}