{"tema_id":"2680","string":"ampliaci\u00f3n o modificaci\u00f3n de la acusaci\u00f3n","created":"2017-10-30 06:47:10","code":null}