{"tema_id":"2583","string":"alteraci\u00f3n de se\u00f1ales en la v\u00eda p\u00fablica","created":"2017-10-30 06:47:10","code":null}