{"tema_id":"25713","string":"DIRECCI\u00d3N GENERAL DE COORDINACI\u00d3N PERIOD\u00cdSTICA","created":"2017-10-30 09:35:40","code":null}