{"tema_id":"24807","string":"CENTRO \u00daNICO COORDINADOR DE ABLACI\u00d3N E IMPLANTE DE \u00d3RGANOS DE LA RIOJA","created":"2017-10-30 09:35:39","code":null}