{"tema_id":"24488","string":"ASOCIACI\u00d3N DEL PERSONAL DE L\u00cdNEAS A\u00c9REAS","created":"2017-10-30 09:35:39","code":null}