{"tema_id":"2321","string":"agrupaci\u00f3n para la coerci\u00f3n ideol\u00f3gica","created":"2017-10-30 06:47:09","code":null}