{"tema_id":"21423","string":"protecci\u00f3n e integraci\u00f3n de las poblaciones ind\u00edgenas y otras poblaciones tribales","created":"2017-10-30 07:00:20","code":null}