{"tema_id":"21253","string":"programa de atenci\u00f3n integral a ni\u00f1os y adolescentes en situaci\u00f3n de calle","created":"2017-10-30 07:00:10","code":null}