{"tema_id":"21099","string":"privaci\u00f3n ileg\u00edtima de mercader\u00eda","created":"2017-10-30 06:59:56","code":null}