{"tema_id":"19989","string":"participaci\u00f3n pol\u00edtica de las minor\u00edas","created":"2017-10-30 06:58:57","code":null}