{"tema_id":"16284","string":"personas jur\u00eddicas de car\u00e1cter p\u00fablico","created":"2017-10-30 06:56:43","code":null}