{"tema_id":"12740","string":"educaci\u00f3n p\u00fablica de gesti\u00f3n privada","created":"2017-10-30 06:48:44","code":null}