{"tema_id":"12227","string":"discriminaci\u00f3n por motivos ideol\u00f3gicos, pol\u00edticos o gremiales","created":"2017-10-30 06:48:35","code":null}