{"tema_id":"12225","string":"discriminaci\u00f3n por condici\u00f3n econ\u00f3mica o social","created":"2017-10-30 06:48:35","code":null}